{"id":13560,"date":"2022-05-10T09:22:39","date_gmt":"2022-05-10T14:22:39","guid":{"rendered":"https:\/\/www.polschool.com\/?p=13560"},"modified":"2022-05-10T09:25:49","modified_gmt":"2022-05-10T14:25:49","slug":"graduation-mass-for-viii-and-xi-grades-2","status":"publish","type":"post","link":"https:\/\/polschool.com\/en\/graduation-mass-for-viii-and-xi-grades-2\/","title":{"rendered":"Graduation Mass for VIII and XI grades"},"content":{"rendered":"<p style=\"text-align: center;\"><span style=\"color: #333399;\"><i>On May 8th, 2022, at the SSCM Parish in Lemont, a Holy Mass was held on the occasion of the graduation of the Polish School of St. John Paul II by students of the eighth and eleventh grades. Students with their families, teachers, and guests thanked God for the possibility of education in our Polish school.<br \/>\n <\/i><\/span><\/p>\n<p style=\"text-align: center;\"><span style=\"color: #333399;\"><i>We would like to thank the Principle Halina Szyrzyna, teachers, and all parents. <\/i><\/span><\/p>\n<p><img loading=\"lazy\" decoding=\"async\" class=\"alignright size-full wp-image-11248\" src=\"https:\/\/polschool.com\/wp-content\/uploads\/2022\/05\/DSC_4502-scaled.jpg\" alt=\"\" width=\"591\" height=\"344\" \/><br \/>\n<img loading=\"lazy\" decoding=\"async\" class=\"alignright size-full wp-image-11248\" src=\"https:\/\/polschool.com\/wp-content\/uploads\/2022\/05\/DSC_4536-scaled.jpg\" alt=\"\" width=\"591\" height=\"344\" \/><\/p>\n<p>We are proud of high school graduates and graduates of the VIII Grade of the Polish School of St. John Paul II.<\/p>\n","protected":false},"excerpt":{"rendered":"<p>On May 8th, 2022, at the SSCM Parish in Lemont, a Holy Mass was held on the occasion of the graduation of the Polish School of St. John Paul II by students of the eighth and eleventh grades. Students with their families, teachers, and guests thanked God for the possibility of education in our Polish &hellip; <\/p>\n<p><a class=\"more-link btn\" href=\"https:\/\/polschool.com\/en\/graduation-mass-for-viii-and-xi-grades-2\/\">Continue reading<\/a><\/p>\n","protected":false},"author":8,"featured_media":0,"comment_status":"closed","ping_status":"closed","sticky":false,"template":"","format":"standard","meta":{"footnotes":""},"categories":[1],"tags":[],"class_list":["post-13560","post","type-post","status-publish","format-standard","hentry","category-uncategorized","item-wrap"],"yoast_head":"<!-- This site is optimized with the Yoast SEO plugin v27.5 - https:\/\/yoast.com\/product\/yoast-seo-wordpress\/ -->\n<title>Graduation Mass for VIII and XI grades - Polska Szko\u0142a w Lemont<\/title>\n<meta name=\"description\" content=\"Polska Szkola Lemont Graduation Mass for VIII and XI grades - Polska Szko\u0142a w Lemont\" \/>\n<meta name=\"robots\" content=\"index, follow, max-snippet:-1, max-image-preview:large, max-video-preview:-1\" \/>\n<link rel=\"canonical\" href=\"https:\/\/polschool.com\/en\/graduation-mass-for-viii-and-xi-grades-2\/\" \/>\n<meta property=\"og:locale\" content=\"en_US\" \/>\n<meta property=\"og:type\" content=\"article\" \/>\n<meta property=\"og:title\" content=\"Graduation Mass for VIII and XI grades - Polska Szko\u0142a w Lemont\" \/>\n<meta property=\"og:description\" content=\"Polska Szkola Lemont Graduation Mass for VIII and XI grades - Polska Szko\u0142a w Lemont\" \/>\n<meta property=\"og:url\" content=\"https:\/\/polschool.com\/en\/graduation-mass-for-viii-and-xi-grades-2\/\" \/>\n<meta property=\"og:site_name\" content=\"Polska Szko\u0142a w Lemont\" \/>\n<meta property=\"article:publisher\" content=\"https:\/\/www.facebook.com\/pages\/category\/Elementary-School\/John-Paul-II-Polish-School-Polska-Szkola-im-Jana-Pawla-II-195616273803039\/\" \/>\n<meta property=\"article:published_time\" content=\"2022-05-10T14:22:39+00:00\" \/>\n<meta property=\"article:modified_time\" content=\"2022-05-10T14:25:49+00:00\" \/>\n<meta property=\"og:image\" content=\"https:\/\/polschool.com\/wp-content\/uploads\/2022\/05\/DSC_4502-scaled.jpg\" \/>\n<meta name=\"author\" content=\"Aleksandra Labuda\" \/>\n<meta name=\"twitter:card\" content=\"summary_large_image\" \/>\n<meta name=\"twitter:label1\" content=\"Written by\" \/>\n\t<meta name=\"twitter:data1\" content=\"Aleksandra Labuda\" \/>\n<script type=\"application\/ld+json\" class=\"yoast-schema-graph\">{\"@context\":\"https:\\\/\\\/schema.org\",\"@graph\":[{\"@type\":\"Article\",\"@id\":\"https:\\\/\\\/polschool.com\\\/en\\\/graduation-mass-for-viii-and-xi-grades-2\\\/#article\",\"isPartOf\":{\"@id\":\"https:\\\/\\\/polschool.com\\\/en\\\/graduation-mass-for-viii-and-xi-grades-2\\\/\"},\"author\":{\"name\":\"Aleksandra Labuda\",\"@id\":\"https:\\\/\\\/www.polschool.com\\\/en\\\/#\\\/schema\\\/person\\\/3d086b7288e5080591917e089790fd04\"},\"headline\":\"Graduation Mass for VIII and XI grades\",\"datePublished\":\"2022-05-10T14:22:39+00:00\",\"dateModified\":\"2022-05-10T14:25:49+00:00\",\"mainEntityOfPage\":{\"@id\":\"https:\\\/\\\/polschool.com\\\/en\\\/graduation-mass-for-viii-and-xi-grades-2\\\/\"},\"wordCount\":97,\"image\":{\"@id\":\"https:\\\/\\\/polschool.com\\\/en\\\/graduation-mass-for-viii-and-xi-grades-2\\\/#primaryimage\"},\"thumbnailUrl\":\"https:\\\/\\\/polschool.com\\\/wp-content\\\/uploads\\\/2022\\\/05\\\/DSC_4502-scaled.jpg\",\"inLanguage\":\"en-US\"},{\"@type\":\"WebPage\",\"@id\":\"https:\\\/\\\/polschool.com\\\/en\\\/graduation-mass-for-viii-and-xi-grades-2\\\/\",\"url\":\"https:\\\/\\\/polschool.com\\\/en\\\/graduation-mass-for-viii-and-xi-grades-2\\\/\",\"name\":\"Graduation Mass for VIII and XI grades - Polska Szko\u0142a w Lemont\",\"isPartOf\":{\"@id\":\"https:\\\/\\\/www.polschool.com\\\/en\\\/#website\"},\"primaryImageOfPage\":{\"@id\":\"https:\\\/\\\/polschool.com\\\/en\\\/graduation-mass-for-viii-and-xi-grades-2\\\/#primaryimage\"},\"image\":{\"@id\":\"https:\\\/\\\/polschool.com\\\/en\\\/graduation-mass-for-viii-and-xi-grades-2\\\/#primaryimage\"},\"thumbnailUrl\":\"https:\\\/\\\/polschool.com\\\/wp-content\\\/uploads\\\/2022\\\/05\\\/DSC_4502-scaled.jpg\",\"datePublished\":\"2022-05-10T14:22:39+00:00\",\"dateModified\":\"2022-05-10T14:25:49+00:00\",\"author\":{\"@id\":\"https:\\\/\\\/www.polschool.com\\\/en\\\/#\\\/schema\\\/person\\\/3d086b7288e5080591917e089790fd04\"},\"description\":\"Polska Szkola Lemont Graduation Mass for VIII and XI grades - Polska Szko\u0142a w Lemont\",\"breadcrumb\":{\"@id\":\"https:\\\/\\\/polschool.com\\\/en\\\/graduation-mass-for-viii-and-xi-grades-2\\\/#breadcrumb\"},\"inLanguage\":\"en-US\",\"potentialAction\":[{\"@type\":\"ReadAction\",\"target\":[\"https:\\\/\\\/polschool.com\\\/en\\\/graduation-mass-for-viii-and-xi-grades-2\\\/\"]}]},{\"@type\":\"ImageObject\",\"inLanguage\":\"en-US\",\"@id\":\"https:\\\/\\\/polschool.com\\\/en\\\/graduation-mass-for-viii-and-xi-grades-2\\\/#primaryimage\",\"url\":\"https:\\\/\\\/polschool.com\\\/wp-content\\\/uploads\\\/2022\\\/05\\\/DSC_4502-scaled.jpg\",\"contentUrl\":\"https:\\\/\\\/polschool.com\\\/wp-content\\\/uploads\\\/2022\\\/05\\\/DSC_4502-scaled.jpg\"},{\"@type\":\"BreadcrumbList\",\"@id\":\"https:\\\/\\\/polschool.com\\\/en\\\/graduation-mass-for-viii-and-xi-grades-2\\\/#breadcrumb\",\"itemListElement\":[{\"@type\":\"ListItem\",\"position\":1,\"name\":\"Home\",\"item\":\"https:\\\/\\\/polschool.com\\\/en\\\/\"},{\"@type\":\"ListItem\",\"position\":2,\"name\":\"Graduation Mass for VIII and XI grades\"}]},{\"@type\":\"WebSite\",\"@id\":\"https:\\\/\\\/www.polschool.com\\\/en\\\/#website\",\"url\":\"https:\\\/\\\/www.polschool.com\\\/en\\\/\",\"name\":\"Polska Szko\u0142a w Lemont\",\"description\":\"im. \u015bw. Jana Paw\u0142a II\",\"potentialAction\":[{\"@type\":\"SearchAction\",\"target\":{\"@type\":\"EntryPoint\",\"urlTemplate\":\"https:\\\/\\\/www.polschool.com\\\/en\\\/?s={search_term_string}\"},\"query-input\":{\"@type\":\"PropertyValueSpecification\",\"valueRequired\":true,\"valueName\":\"search_term_string\"}}],\"inLanguage\":\"en-US\"},{\"@type\":\"Person\",\"@id\":\"https:\\\/\\\/www.polschool.com\\\/en\\\/#\\\/schema\\\/person\\\/3d086b7288e5080591917e089790fd04\",\"name\":\"Aleksandra Labuda\",\"url\":\"https:\\\/\\\/polschool.com\\\/en\\\/author\\\/aleksandra\\\/\"}]}<\/script>\n<!-- \/ Yoast SEO plugin. -->","yoast_head_json":{"title":"Graduation Mass for VIII and XI grades - Polska Szko\u0142a w Lemont","description":"Polska Szkola Lemont Graduation Mass for VIII and XI grades - Polska Szko\u0142a w Lemont","robots":{"index":"index","follow":"follow","max-snippet":"max-snippet:-1","max-image-preview":"max-image-preview:large","max-video-preview":"max-video-preview:-1"},"canonical":"https:\/\/polschool.com\/en\/graduation-mass-for-viii-and-xi-grades-2\/","og_locale":"en_US","og_type":"article","og_title":"Graduation Mass for VIII and XI grades - Polska Szko\u0142a w Lemont","og_description":"Polska Szkola Lemont Graduation Mass for VIII and XI grades - Polska Szko\u0142a w Lemont","og_url":"https:\/\/polschool.com\/en\/graduation-mass-for-viii-and-xi-grades-2\/","og_site_name":"Polska Szko\u0142a w Lemont","article_publisher":"https:\/\/www.facebook.com\/pages\/category\/Elementary-School\/John-Paul-II-Polish-School-Polska-Szkola-im-Jana-Pawla-II-195616273803039\/","article_published_time":"2022-05-10T14:22:39+00:00","article_modified_time":"2022-05-10T14:25:49+00:00","og_image":[{"url":"https:\/\/polschool.com\/wp-content\/uploads\/2022\/05\/DSC_4502-scaled.jpg","type":"","width":"","height":""}],"author":"Aleksandra Labuda","twitter_card":"summary_large_image","twitter_misc":{"Written by":"Aleksandra Labuda"},"schema":{"@context":"https:\/\/schema.org","@graph":[{"@type":"Article","@id":"https:\/\/polschool.com\/en\/graduation-mass-for-viii-and-xi-grades-2\/#article","isPartOf":{"@id":"https:\/\/polschool.com\/en\/graduation-mass-for-viii-and-xi-grades-2\/"},"author":{"name":"Aleksandra Labuda","@id":"https:\/\/www.polschool.com\/en\/#\/schema\/person\/3d086b7288e5080591917e089790fd04"},"headline":"Graduation Mass for VIII and XI grades","datePublished":"2022-05-10T14:22:39+00:00","dateModified":"2022-05-10T14:25:49+00:00","mainEntityOfPage":{"@id":"https:\/\/polschool.com\/en\/graduation-mass-for-viii-and-xi-grades-2\/"},"wordCount":97,"image":{"@id":"https:\/\/polschool.com\/en\/graduation-mass-for-viii-and-xi-grades-2\/#primaryimage"},"thumbnailUrl":"https:\/\/polschool.com\/wp-content\/uploads\/2022\/05\/DSC_4502-scaled.jpg","inLanguage":"en-US"},{"@type":"WebPage","@id":"https:\/\/polschool.com\/en\/graduation-mass-for-viii-and-xi-grades-2\/","url":"https:\/\/polschool.com\/en\/graduation-mass-for-viii-and-xi-grades-2\/","name":"Graduation Mass for VIII and XI grades - Polska Szko\u0142a w Lemont","isPartOf":{"@id":"https:\/\/www.polschool.com\/en\/#website"},"primaryImageOfPage":{"@id":"https:\/\/polschool.com\/en\/graduation-mass-for-viii-and-xi-grades-2\/#primaryimage"},"image":{"@id":"https:\/\/polschool.com\/en\/graduation-mass-for-viii-and-xi-grades-2\/#primaryimage"},"thumbnailUrl":"https:\/\/polschool.com\/wp-content\/uploads\/2022\/05\/DSC_4502-scaled.jpg","datePublished":"2022-05-10T14:22:39+00:00","dateModified":"2022-05-10T14:25:49+00:00","author":{"@id":"https:\/\/www.polschool.com\/en\/#\/schema\/person\/3d086b7288e5080591917e089790fd04"},"description":"Polska Szkola Lemont Graduation Mass for VIII and XI grades - Polska Szko\u0142a w Lemont","breadcrumb":{"@id":"https:\/\/polschool.com\/en\/graduation-mass-for-viii-and-xi-grades-2\/#breadcrumb"},"inLanguage":"en-US","potentialAction":[{"@type":"ReadAction","target":["https:\/\/polschool.com\/en\/graduation-mass-for-viii-and-xi-grades-2\/"]}]},{"@type":"ImageObject","inLanguage":"en-US","@id":"https:\/\/polschool.com\/en\/graduation-mass-for-viii-and-xi-grades-2\/#primaryimage","url":"https:\/\/polschool.com\/wp-content\/uploads\/2022\/05\/DSC_4502-scaled.jpg","contentUrl":"https:\/\/polschool.com\/wp-content\/uploads\/2022\/05\/DSC_4502-scaled.jpg"},{"@type":"BreadcrumbList","@id":"https:\/\/polschool.com\/en\/graduation-mass-for-viii-and-xi-grades-2\/#breadcrumb","itemListElement":[{"@type":"ListItem","position":1,"name":"Home","item":"https:\/\/polschool.com\/en\/"},{"@type":"ListItem","position":2,"name":"Graduation Mass for VIII and XI grades"}]},{"@type":"WebSite","@id":"https:\/\/www.polschool.com\/en\/#website","url":"https:\/\/www.polschool.com\/en\/","name":"Polska Szko\u0142a w Lemont","description":"im. \u015bw. Jana Paw\u0142a II","potentialAction":[{"@type":"SearchAction","target":{"@type":"EntryPoint","urlTemplate":"https:\/\/www.polschool.com\/en\/?s={search_term_string}"},"query-input":{"@type":"PropertyValueSpecification","valueRequired":true,"valueName":"search_term_string"}}],"inLanguage":"en-US"},{"@type":"Person","@id":"https:\/\/www.polschool.com\/en\/#\/schema\/person\/3d086b7288e5080591917e089790fd04","name":"Aleksandra Labuda","url":"https:\/\/polschool.com\/en\/author\/aleksandra\/"}]}},"_links":{"self":[{"href":"https:\/\/polschool.com\/en\/wp-json\/wp\/v2\/posts\/13560","targetHints":{"allow":["GET"]}}],"collection":[{"href":"https:\/\/polschool.com\/en\/wp-json\/wp\/v2\/posts"}],"about":[{"href":"https:\/\/polschool.com\/en\/wp-json\/wp\/v2\/types\/post"}],"author":[{"embeddable":true,"href":"https:\/\/polschool.com\/en\/wp-json\/wp\/v2\/users\/8"}],"replies":[{"embeddable":true,"href":"https:\/\/polschool.com\/en\/wp-json\/wp\/v2\/comments?post=13560"}],"version-history":[{"count":1,"href":"https:\/\/polschool.com\/en\/wp-json\/wp\/v2\/posts\/13560\/revisions"}],"predecessor-version":[{"id":13562,"href":"https:\/\/polschool.com\/en\/wp-json\/wp\/v2\/posts\/13560\/revisions\/13562"}],"wp:attachment":[{"href":"https:\/\/polschool.com\/en\/wp-json\/wp\/v2\/media?parent=13560"}],"wp:term":[{"taxonomy":"category","embeddable":true,"href":"https:\/\/polschool.com\/en\/wp-json\/wp\/v2\/categories?post=13560"},{"taxonomy":"post_tag","embeddable":true,"href":"https:\/\/polschool.com\/en\/wp-json\/wp\/v2\/tags?post=13560"}],"curies":[{"name":"wp","href":"https:\/\/api.w.org\/{rel}","templated":true}]}}